{"id":6782,"date":"2025-12-01T21:12:40","date_gmt":"2025-12-01T21:12:40","guid":{"rendered":"https:\/\/diana-damrau.com\/?p=6782"},"modified":"2025-11-25T22:45:40","modified_gmt":"2025-11-25T22:45:40","slug":"die-fledermaus-in-vienna-and-munich","status":"publish","type":"post","link":"https:\/\/diana-damrau.com\/de\/2025\/12\/01\/die-fledermaus-in-vienna-and-munich\/","title":{"rendered":"<em>Die Fledermaus<\/em> in Wien und M\u00fcnchen"},"content":{"rendered":"<p>Zum spektakul\u00e4ren Abschluss des Jahres wird Diana Damrau erneut als Rosalinde in Otto Schenks beliebter Inszenierung von Die Fledermaus an der Wiener Staatsoper zu sehen sein. Die Vorstellungen finden am <a href=\"https:\/\/www.wiener-staatsoper.at\/kalender\/detail\/die-fledermaus\/2025-12-31\/\" target=\"_blank\" rel=\"noopener\">Silvesterabend, am 3. und am 6. Januar<\/a> statt. Sie wird die B\u00fchne mit ihrem Freund und regelm\u00e4\u00dfigen Kollegen Jonas Kaufmann als Gabriel von Eisenstein teilen, sowie mit Jochen Schmeckenbecher als Frank, Daria Sushkova als Prinz Orlofsky, J\u00f6rg Schneider als Alfred, Adrian Er\u00f6d als Dr. Falke, Lukas Schmidt als Dr. Blind, Ilia Staple als Adele und Hannah-Theres Weigl als Ida. Markus Poschner dirigiert.<!--more--><\/p>\n<p>Anschlie\u00dfend kehrt sie am <a href=\"https:\/\/www.staatsoper.de\/stuecke\/die-fledermaus\/2026-01-10-1800-15516\" target=\"_blank\" rel=\"noopener\">10. Januar<\/a> nach M\u00fcnchen zur\u00fcck, um die Barrie-Kosky-Inszenierung unter der Leitung von Nicholas Carter zu wiederholen. Die Besetzung umfasst Rolando Villaz\u00f3n als Eisenstein, Martin Winkler als Frank, John Holiday als Prinz Orlofsky, Pavol Breslik als Alfred, Konstantin Krimmel als Dr. Falke, Kevin Conners als Dr. Blind, Mirjam Mesak als Adele und Miriam Neumaier als Ida.<\/p>","protected":false},"excerpt":{"rendered":"<p>Zum spektakul\u00e4ren Abschluss des Jahres wird Diana Damrau erneut als Rosalinde in Otto Schenks beliebter Inszenierung von Die Fledermaus an der Wiener Staatsoper zu sehen sein. Die Vorstellungen finden am Silvesterabend, am 3. und am 6. Januar statt. Sie wird die B\u00fchne mit ihrem Freund und regelm\u00e4\u00dfigen Kollegen Jonas Kaufmann als Gabriel von Eisenstein teilen, [&hellip;]<\/p>\n","protected":false},"author":1,"featured_media":6468,"comment_status":"open","ping_status":"open","sticky":false,"template":"","format":"standard","meta":{"footnotes":""},"categories":[1],"tags":[],"class_list":["post-6782","post","type-post","status-publish","format-standard","has-post-thumbnail","hentry","category-news"],"acf":[],"_links":{"self":[{"href":"https:\/\/diana-damrau.com\/de\/wp-json\/wp\/v2\/posts\/6782","targetHints":{"allow":["GET"]}}],"collection":[{"href":"https:\/\/diana-damrau.com\/de\/wp-json\/wp\/v2\/posts"}],"about":[{"href":"https:\/\/diana-damrau.com\/de\/wp-json\/wp\/v2\/types\/post"}],"author":[{"embeddable":true,"href":"https:\/\/diana-damrau.com\/de\/wp-json\/wp\/v2\/users\/1"}],"replies":[{"embeddable":true,"href":"https:\/\/diana-damrau.com\/de\/wp-json\/wp\/v2\/comments?post=6782"}],"version-history":[{"count":0,"href":"https:\/\/diana-damrau.com\/de\/wp-json\/wp\/v2\/posts\/6782\/revisions"}],"wp:featuredmedia":[{"embeddable":true,"href":"https:\/\/diana-damrau.com\/de\/wp-json\/wp\/v2\/media\/6468"}],"wp:attachment":[{"href":"https:\/\/diana-damrau.com\/de\/wp-json\/wp\/v2\/media?parent=6782"}],"wp:term":[{"taxonomy":"category","embeddable":true,"href":"https:\/\/diana-damrau.com\/de\/wp-json\/wp\/v2\/categories?post=6782"},{"taxonomy":"post_tag","embeddable":true,"href":"https:\/\/diana-damrau.com\/de\/wp-json\/wp\/v2\/tags?post=6782"}],"curies":[{"name":"wp","href":"https:\/\/api.w.org\/{rel}","templated":true}]}}